{"id":2351,"date":"2016-11-21T21:08:43","date_gmt":"2016-11-21T21:08:43","guid":{"rendered":"http:\/\/visit-meknes.com\/?p=2351"},"modified":"2016-11-21T21:09:48","modified_gmt":"2016-11-21T21:09:48","slug":"fes-meknes-plus-de-460-ha-de-forets-reboises","status":"publish","type":"post","link":"https:\/\/visit-meknes.com\/en\/fes-meknes-plus-de-460-ha-de-forets-reboises\/","title":{"rendered":"F\u00e8s-Mekn\u00e8s: Plus de 460 ha de for\u00eats rebois\u00e9s"},"content":{"rendered":"<h6><b><\/b><em>Noureddine Aboud, gouverneur de la province de Moulay Yacoub, a plant\u00e9 un arbre \u00e0 la for\u00eat d\u2019A\u00efn Chkef. Comme lui, le wali et les gouverneurs des autres provinces de la r\u00e9gion, ont pris leurs outils d\u2019agriculteurs participant \u00e0 l\u2019initiative un million de plants forestiers\u00a0 (Ph. YSA)<\/em><\/h6>\n<ul>\n<li><strong>Une initiative du HCEFLCD avec l\u2019appui des autorit\u00e9s<\/strong><\/li>\n<li><strong>Entreprises, \u00e9lus, ONG, et \u00e9coliers\u2026 partenaires aussi<\/strong><\/li>\n<\/ul>\n<p style=\"text-align: justify;\">La mobilisation est palpable. La COP22 a r\u00e9ussi son pari de cr\u00e9er une v\u00e9ritable dynamique autour de la question environnementale. En t\u00e9moignent les initiatives et actions men\u00e9es ici et l\u00e0 pour accompagner l\u2019\u00e9lan de la durabilit\u00e9. Au niveau de la r\u00e9gion F\u00e8s-Mekn\u00e8s, apr\u00e8s les ONG, \u00e9cologiques et scientifiques, les autorit\u00e9s locales ont pris le relais pour planter quelque 460 ha de for\u00eat en une journ\u00e9e.<\/p>\n<p style=\"text-align: justify;\">Ainsi, Said Zniber, wali de la r\u00e9gion, a chapeaut\u00e9, samedi dernier, une op\u00e9ration de plantation d\u2019arbres dans la localit\u00e9 de Sidi Hrazem, relevant de la pr\u00e9fecture de F\u00e8s. En m\u00eame temps, Noureddine Aboud et Abdelahek Hamdaoui, respectivement les gouverneurs des provinces de Moulay Yacoub et Sefrou, lan\u00e7aient des op\u00e9rations similaires dans leurs circonscriptions. Avec des \u00e9lus locaux, universitaires, entreprises, \u00e9coles, soci\u00e9t\u00e9 civile, et l\u2019ensemble des d\u00e9partements concern\u00e9s, l\u2019op\u00e9ration du 12 novembre a cr\u00e9\u00e9 une v\u00e9ritable dynamique de mobilisation autour de la campagne nationale de reboisement 2016.<\/p>\n<p style=\"text-align: justify;\">Dans la province de Moulay Yacoub, \u00e0 titre d\u2019exemple, pas moins de 5.000 arbres ont \u00e9t\u00e9 plant\u00e9s, notamment \u00e0 la for\u00eat de A\u00efn Chkef. Longtemps d\u00e9laiss\u00e9e aux al\u00e9as du temps, livr\u00e9e aux attitudes impr\u00e9visibles des usagers, cette for\u00eat est le principal r\u00e9servoir d&#8217;oxyg\u00e8ne de F\u00e8s. Elle retrouve peu \u00e0 peu verdure et propret\u00e9, des qualit\u00e9s dont se vantait jadis la population locale. Situ\u00e9e aux abords de la ville, cette for\u00eat s\u2019\u00e9tend sur 64 hectares. Cibl\u00e9e par la strat\u00e9gie nationale de gestion active des ressources foresti\u00e8res urbaines et p\u00e9riurbaines, celle-ci a b\u00e9n\u00e9fici\u00e9 de l&#8217;entretien des pistes, reboisement, de r\u00e9habilitation et d&#8217;am\u00e9nagement des espaces forestiers. Ces actions concordent parfaitement avec la nouvelle g\u00e9n\u00e9ration de techniques de sylviculture visant le maintien du couvert v\u00e9g\u00e9tal et de la capacit\u00e9 d&#8217;accueil et l&#8217;am\u00e9lioration de l&#8217;image du paysage urbain et p\u00e9riurbain. Depuis quelques ann\u00e9es, l&#8217;\u00e9largissement des surfaces bois\u00e9es est trait\u00e9 de mani\u00e8re \u00e0 encourager de nouvelles formes de partenariats avec les collaborateurs locaux, afin de prot\u00e9ger ces zones contre toute convoitise.<\/p>\n<p style=\"text-align: justify;\">Pour la seule journ\u00e9e du 12 novembre, le Haut-commissariat aux eaux et for\u00eats et \u00e0 la lutte contre la d\u00e9sertification (HCEFLCD) visait la plantation d\u2019un million d\u2019arbres \u00e0 travers le Royaume. Le principal objectif est de sensibiliser \u00e0 l&#8217;importance de l&#8217;arbre et de la for\u00eat et aux cons\u00e9quences de l&#8217;utilisation du bois et d&#8217;autres produits de la for\u00eat dans la vie de tous les jours. A l\u2019entr\u00e9e de F\u00e8s, la tr\u00e8s embl\u00e9matique for\u00eat d\u2019A\u00efn Chkef a abrit\u00e9 une campagne d&#8217;information et de sensibilisation aux dangers qui hantent cet immense r\u00e9servoir d\u2019oxyg\u00e8ne. C\u2019est ainsi que les \u00e9l\u00e8ves d\u2019\u00e9tablissements scolaires, encadr\u00e9s par des gardes forestiers et des animateurs du Haut commissariat, ont pu, dans ce sens, particip\u00e9 \u00e0 des op\u00e9rations de nettoyage de la for\u00eat et de plantation d&#8217;arbres forestiers (pin d&#8217;Alep, caroubier, acacia cyanophylla, cypr\u00e8s Arizona et eucalyptus). Une mani\u00e8re de forger chez eux un engagement \u00e9co-citoyen pour la pr\u00e9servation des ressources foresti\u00e8res. Notons enfin que l\u2019initiative un million de plants forestiers devra primer la r\u00e9gion et ses partenaires r\u00e9alisant les meilleures performances selon les crit\u00e8res d\u2019\u00e9valuation pr\u00e9\u00e9tablis, se rapportant \u00e0 l\u2019importance du programme, \u00e0 la r\u00e9alisation des engagements pris et \u00e0 la mobilisation des partenaires.<\/p>\n<h3 style=\"text-align: justify;\">Un parc urbain en gestation<\/h3>\n<p style=\"text-align: justify;\">\u00abF\u00e8s doit c\u00e9l\u00e9brer la COP22 \u00e0 travers un projet d\u2019envergure\u00bb. C\u2019est la conviction de Rachid Haloui, ancien architecte en chef de la ville, qui a travaill\u00e9 sur un projet d\u2019un parc urbain qui s\u2019\u00e9tend sur 175 ha. Il s\u2019agit de la vall\u00e9e de Oued Zitoune, situ\u00e9e sur la zone la plus centrale du tissu urbain actuel. D\u2019un investissement de 55 millions de DH, la premi\u00e8re tranche de ce projet pr\u00e9voit un reboisement massif de la for\u00eat urbaine. Rappelons que la fondation de la ville tout comme son d\u00e9veloppement et la structure de la m\u00e9dina ont \u00e9t\u00e9 conditionn\u00e9s par un \u00e9l\u00e9ment majeur: l\u2019eau. F\u00e8s re\u00e7oit trois cours d\u2019eau: Oued F\u00e8s, Oued Zitoune et Oued Boufakrane. Autour de ces trois rivi\u00e8res, trois coul\u00e9es vertes traversent le tissu urbain et forment des poumons d\u2019une valeur inestimable, d\u00e9j\u00e0 r\u00e9pertori\u00e9es par Jean-Claude Nicolas Forestier en 1914. Or, ces trois espaces sont actuellement non seulement laiss\u00e9s \u00e0 l\u2019abandon mais en plus ils servent de d\u00e9potoirs quand ils ne sont pas grignot\u00e9s par des lotissements ou autres constructions.<\/p>\n","protected":false},"excerpt":{"rendered":"<p>Noureddine Aboud, gouverneur de la province de Moulay Yacoub, a plant\u00e9 un arbre \u00e0 la for\u00eat d\u2019A\u00efn Chkef. Comme lui, le wali et les gouverneurs des autres provinces de la r\u00e9gion, ont pris leurs outils d\u2019agriculteurs participant \u00e0 l\u2019initiative un million de plants forestiers\u00a0 (Ph. YSA) Une initiative du HCEFLCD avec l\u2019appui des autorit\u00e9s Entreprises,<\/p>\n","protected":false},"author":1,"featured_media":2352,"comment_status":"open","ping_status":"open","sticky":false,"template":"","format":"standard","meta":{"footnotes":""},"categories":[6],"tags":[],"_links":{"self":[{"href":"https:\/\/visit-meknes.com\/en\/wp-json\/wp\/v2\/posts\/2351"}],"collection":[{"href":"https:\/\/visit-meknes.com\/en\/wp-json\/wp\/v2\/posts"}],"about":[{"href":"https:\/\/visit-meknes.com\/en\/wp-json\/wp\/v2\/types\/post"}],"author":[{"embeddable":true,"href":"https:\/\/visit-meknes.com\/en\/wp-json\/wp\/v2\/users\/1"}],"replies":[{"embeddable":true,"href":"https:\/\/visit-meknes.com\/en\/wp-json\/wp\/v2\/comments?post=2351"}],"version-history":[{"count":2,"href":"https:\/\/visit-meknes.com\/en\/wp-json\/wp\/v2\/posts\/2351\/revisions"}],"predecessor-version":[{"id":2354,"href":"https:\/\/visit-meknes.com\/en\/wp-json\/wp\/v2\/posts\/2351\/revisions\/2354"}],"wp:featuredmedia":[{"embeddable":true,"href":"https:\/\/visit-meknes.com\/en\/wp-json\/wp\/v2\/media\/2352"}],"wp:attachment":[{"href":"https:\/\/visit-meknes.com\/en\/wp-json\/wp\/v2\/media?parent=2351"}],"wp:term":[{"taxonomy":"category","embeddable":true,"href":"https:\/\/visit-meknes.com\/en\/wp-json\/wp\/v2\/categories?post=2351"},{"taxonomy":"post_tag","embeddable":true,"href":"https:\/\/visit-meknes.com\/en\/wp-json\/wp\/v2\/tags?post=2351"}],"curies":[{"name":"wp","href":"https:\/\/api.w.org\/{rel}","templated":true}]}}