{"id":2348,"date":"2016-11-21T20:19:41","date_gmt":"2016-11-21T20:19:41","guid":{"rendered":"http:\/\/visit-meknes.com\/?p=2348"},"modified":"2016-11-21T20:19:41","modified_gmt":"2016-11-21T20:19:41","slug":"olea-green-food-meknes-un-projet-ecologique-innovant-presente-a-la-cop22","status":"publish","type":"post","link":"https:\/\/visit-meknes.com\/en\/olea-green-food-meknes-un-projet-ecologique-innovant-presente-a-la-cop22\/","title":{"rendered":"\u201cOlea Green-Food Mekn\u00e8s\u201d un projet \u00e9cologique innovant pr\u00e9sent\u00e9 \u00e0 la COP22"},"content":{"rendered":"<p style=\"text-align: justify;\">\u201cOlea Green-Food Mekn\u00e8s\u201d, un projet \u00e9cologique in\u00e9dit et innovant, a \u00e9t\u00e9 pr\u00e9sent\u00e9 \u00e0 Marrakech, dans le cadre des \u00e9v\u00e9nements organis\u00e9s par les r\u00e9gions lors de l\u2019\u00e9ch\u00e9ance plan\u00e9taire sur le climat (7-18 novembre).<\/p>\n<p style=\"text-align: justify;\">\u201cOlea Green-Food Mekn\u00e8s\u201d, constitue une solution \u00e9cologique dont les perspectives de d\u00e9veloppement s\u2019inscrivent dans un mod\u00e8le vertueux d\u2019\u00e9conomie circulaire, comprenant trois volets, \u00e0 savoir la trituration d\u2019olives plus respectueuse de l\u2019environnement (syst\u00e8me 2 phases moins consommateur de ressources en eau et en \u00e9nergie), la collecte des sous-produits de l\u2019olivier et la valorisation des sous-produits (biomasse de l\u2019olivier) et la production d\u2019\u00e9nergie (\u00e9lectricit\u00e9), indique un communiqu\u00e9 de la Fondation \u201cOlivier Promo Mekn\u00e8s\u201d, parvenu vendredi \u00e0 la MAP.<\/p>\n<p style=\"text-align: justify;\">Le projet est d\u00e9velopp\u00e9 dans le cadre d\u2019un Partenariat Public-Priv\u00e9, souligne la m\u00eame source, relevant qu\u2019un protocole d\u2019accord a \u00e9t\u00e9 sign\u00e9 lors de la COP22 \u00e0 Marrakech par le pr\u00e9sident de la r\u00e9gion F\u00e8s-Mekn\u00e8s, M\u2019Hand Laenser, du pr\u00e9sident du conseil de la pr\u00e9fecture de Mekn\u00e8s, Thami Lahgui, du vice-pr\u00e9sident du conseil de la commune urbaine de Mekn\u00e8s, M\u2019Hand Rachid Talbi, du pr\u00e9sident de Green Of Africa, Mustapha Amhal, du pr\u00e9sident d\u2019Oleafood-A\u00efcha, Mardochee Devico, et du G\u00e9rant de Suez Recyclage et Valorisation Maroc (Filiale du Groupe SUEZ), Fran\u00e7ois Pyrek.<\/p>\n<p style=\"text-align: justify;\">Pour M. Noureddine Ouazzani, Initiateur de cette initiative, l\u2019objet de ce protocole d\u2019accord repose sur le d\u00e9veloppement, le financement, la construction et l\u2019exploitation du Projet \u201cOlea Green-Food Mekn\u00e8s\u201d.<\/p>\n<p style=\"text-align: justify;\">A signaler que le Projet \u201cOlea Green-Food Mekn\u00e8s\u201d qui a n\u00e9cessit\u00e9 quelque 450 millions de dirhams, a \u00e9t\u00e9 labellis\u00e9 Projet COP22 par le Comit\u00e9 de Pilotage de la COP22.<\/p>\n","protected":false},"excerpt":{"rendered":"<p>\u201cOlea Green-Food Mekn\u00e8s\u201d, un projet \u00e9cologique in\u00e9dit et innovant, a \u00e9t\u00e9 pr\u00e9sent\u00e9 \u00e0 Marrakech, dans le cadre des \u00e9v\u00e9nements organis\u00e9s par les r\u00e9gions lors de l\u2019\u00e9ch\u00e9ance plan\u00e9taire sur le climat (7-18 novembre). \u201cOlea Green-Food Mekn\u00e8s\u201d, constitue une solution \u00e9cologique dont les perspectives de d\u00e9veloppement s\u2019inscrivent dans un mod\u00e8le vertueux d\u2019\u00e9conomie circulaire, comprenant trois volets, \u00e0<\/p>\n","protected":false},"author":1,"featured_media":2349,"comment_status":"open","ping_status":"open","sticky":false,"template":"","format":"standard","meta":{"footnotes":""},"categories":[6],"tags":[],"_links":{"self":[{"href":"https:\/\/visit-meknes.com\/en\/wp-json\/wp\/v2\/posts\/2348"}],"collection":[{"href":"https:\/\/visit-meknes.com\/en\/wp-json\/wp\/v2\/posts"}],"about":[{"href":"https:\/\/visit-meknes.com\/en\/wp-json\/wp\/v2\/types\/post"}],"author":[{"embeddable":true,"href":"https:\/\/visit-meknes.com\/en\/wp-json\/wp\/v2\/users\/1"}],"replies":[{"embeddable":true,"href":"https:\/\/visit-meknes.com\/en\/wp-json\/wp\/v2\/comments?post=2348"}],"version-history":[{"count":1,"href":"https:\/\/visit-meknes.com\/en\/wp-json\/wp\/v2\/posts\/2348\/revisions"}],"predecessor-version":[{"id":2350,"href":"https:\/\/visit-meknes.com\/en\/wp-json\/wp\/v2\/posts\/2348\/revisions\/2350"}],"wp:featuredmedia":[{"embeddable":true,"href":"https:\/\/visit-meknes.com\/en\/wp-json\/wp\/v2\/media\/2349"}],"wp:attachment":[{"href":"https:\/\/visit-meknes.com\/en\/wp-json\/wp\/v2\/media?parent=2348"}],"wp:term":[{"taxonomy":"category","embeddable":true,"href":"https:\/\/visit-meknes.com\/en\/wp-json\/wp\/v2\/categories?post=2348"},{"taxonomy":"post_tag","embeddable":true,"href":"https:\/\/visit-meknes.com\/en\/wp-json\/wp\/v2\/tags?post=2348"}],"curies":[{"name":"wp","href":"https:\/\/api.w.org\/{rel}","templated":true}]}}