{"id":2341,"date":"2016-11-03T23:43:38","date_gmt":"2016-11-03T23:43:38","guid":{"rendered":"http:\/\/visit-meknes.com\/?p=2341"},"modified":"2016-11-03T23:43:38","modified_gmt":"2016-11-03T23:43:38","slug":"meknes-accueille-la-celebre-exposition-les-trois-rois-de-lartiste-photographe-mohamed-maradji","status":"publish","type":"post","link":"https:\/\/visit-meknes.com\/en\/meknes-accueille-la-celebre-exposition-les-trois-rois-de-lartiste-photographe-mohamed-maradji\/","title":{"rendered":"Mekn\u00e8s accueille la c\u00e9l\u00e8bre exposition \u201cLes trois Rois\u201d de l\u2019artiste photographe Mohamed Maradji"},"content":{"rendered":"<p style=\"text-align: justify;\">Les cimaises du centre culturel de la d\u00e9l\u00e9gation r\u00e9gionale du minist\u00e8re des Habous de Mekn\u00e8s, abrite actuellement la c\u00e9l\u00e8bre exposition de l\u2019artiste photographe Mohamed Maradji \u201cLes trois Rois\u201d, organis\u00e9e sous le signe \u201cEdification d\u2019un Maroc moderne\u201d.<\/p>\n<p style=\"text-align: justify;\">Initi\u00e9e par la Fondation Mohamed Zerktouni pour la culture et les recherches et le photographe Mohamed Maradji, cette exposition revisite les \u00e9tapes marquantes du combat du Maroc, sous le r\u00e8gne de trois Souverains, pour l\u2019\u00e9dification d\u2019un pays moderne et le recouvrement de son ind\u00e9pendance et de son unit\u00e9, depuis le h\u00e9ros de la lib\u00e9ration Feu SM Mohammed V, en passant par son compagnon de lutte Feu SM Hassan II, jusqu\u2019\u00e0 SM le Roi Mohammed VI.<\/p>\n<p style=\"text-align: justify;\">Selon la Fondation Mohamed Zerktouni pour la culture et les recherches, cette exposition est le fruit de la coop\u00e9ration entre la Fondation et le photographe Mohamed Maradji, qui a immortalis\u00e9 l\u2019\u0153uvre d\u2019\u00e9dification du Maroc moderne et fix\u00e9 sur sa pellicule la plupart des personnalit\u00e9s qui ont contribu\u00e9 \u00e0 la vie politique, artistique ou sportif.<\/p>\n<p style=\"text-align: justify;\">Et d\u2019ajouter que cet \u00e9v\u00e9nement culturel, qui a sillonn\u00e9 plusieurs villes du Royaume, s\u2019inscrit dans le cadre des festivit\u00e9s marquant le 60\u00e8 anniversaire de l\u2019Ind\u00e9pendance.<\/p>\n<p style=\"text-align: justify;\">Par ailleurs, Mohamed Maradji, ce natif de Casablanca est devenu une ic\u00f4ne du reportage photographique dans son pays et le t\u00e9moin privil\u00e9gi\u00e9 des grands \u00e9v\u00e9nements historiques. Il a accompagn\u00e9 par les photos, l\u2019essor que conna\u00eet le Maroc, sur les plans politique, \u00e9conomique, culturel et social.<\/p>\n<p style=\"text-align: justify;\">La c\u00e9r\u00e9monie de vernissage de cette exposition qui a eu lieu dans plusieurs villes du Royaume s\u2019est d\u00e9roul\u00e9e mardi, en pr\u00e9sence notamment du gouverneur de la pr\u00e9fecture de Mekn\u00e8s, Abdelghnai Sebbar, des membres de la Fondation Mohamed Zerktouni, \u00a0des \u00e9lus, ainsi que de plusieurs personnalit\u00e9s.<\/p>\n","protected":false},"excerpt":{"rendered":"<p>Les cimaises du centre culturel de la d\u00e9l\u00e9gation r\u00e9gionale du minist\u00e8re des Habous de Mekn\u00e8s, abrite actuellement la c\u00e9l\u00e8bre exposition de l\u2019artiste photographe Mohamed Maradji \u201cLes trois Rois\u201d, organis\u00e9e sous le signe \u201cEdification d\u2019un Maroc moderne\u201d. Initi\u00e9e par la Fondation Mohamed Zerktouni pour la culture et les recherches et le photographe Mohamed Maradji, cette exposition<\/p>\n","protected":false},"author":1,"featured_media":2342,"comment_status":"open","ping_status":"open","sticky":false,"template":"","format":"standard","meta":{"footnotes":""},"categories":[6],"tags":[],"_links":{"self":[{"href":"https:\/\/visit-meknes.com\/en\/wp-json\/wp\/v2\/posts\/2341"}],"collection":[{"href":"https:\/\/visit-meknes.com\/en\/wp-json\/wp\/v2\/posts"}],"about":[{"href":"https:\/\/visit-meknes.com\/en\/wp-json\/wp\/v2\/types\/post"}],"author":[{"embeddable":true,"href":"https:\/\/visit-meknes.com\/en\/wp-json\/wp\/v2\/users\/1"}],"replies":[{"embeddable":true,"href":"https:\/\/visit-meknes.com\/en\/wp-json\/wp\/v2\/comments?post=2341"}],"version-history":[{"count":1,"href":"https:\/\/visit-meknes.com\/en\/wp-json\/wp\/v2\/posts\/2341\/revisions"}],"predecessor-version":[{"id":2343,"href":"https:\/\/visit-meknes.com\/en\/wp-json\/wp\/v2\/posts\/2341\/revisions\/2343"}],"wp:featuredmedia":[{"embeddable":true,"href":"https:\/\/visit-meknes.com\/en\/wp-json\/wp\/v2\/media\/2342"}],"wp:attachment":[{"href":"https:\/\/visit-meknes.com\/en\/wp-json\/wp\/v2\/media?parent=2341"}],"wp:term":[{"taxonomy":"category","embeddable":true,"href":"https:\/\/visit-meknes.com\/en\/wp-json\/wp\/v2\/categories?post=2341"},{"taxonomy":"post_tag","embeddable":true,"href":"https:\/\/visit-meknes.com\/en\/wp-json\/wp\/v2\/tags?post=2341"}],"curies":[{"name":"wp","href":"https:\/\/api.w.org\/{rel}","templated":true}]}}