{"id":2329,"date":"2016-09-11T22:11:36","date_gmt":"2016-09-11T22:11:36","guid":{"rendered":"http:\/\/visit-meknes.com\/?p=2329"},"modified":"2016-09-11T22:11:36","modified_gmt":"2016-09-11T22:11:36","slug":"la-region-fes-meknes-atouts-et-opportunites-dinvestissement","status":"publish","type":"post","link":"https:\/\/visit-meknes.com\/en\/la-region-fes-meknes-atouts-et-opportunites-dinvestissement\/","title":{"rendered":"La r\u00e9gion F\u00e8s-Meknes : Atouts et opportunit\u00e9s d\u2019investissement"},"content":{"rendered":"<p style=\"text-align: justify;\"><strong>La r\u00e9gion de F\u00e8s- Meknes repr\u00e9sente une terre d\u2019investissements de pr\u00e9dilection pour bon nombre de Marocains d&#8217;ici et d&#8217;ailleurs. Des atouts g\u00e9ographiques, des \u00e9cosyst\u00e8mes remarquables, et des secteurs dans lesquels la r\u00e9gion est leader. D\u00e9couverte d&#8217;une r\u00e9gion d&#8217;opportunit\u00e9s pour les investisseurs.<\/strong><\/p>\n<p style=\"text-align: justify;\">Les participants \u00e0 une rencontre sur \u00ab\u00a0les opportunit\u00e9s d&#8217;investissement dans la r\u00e9gion F\u00e8s-Mekn\u00e8s\u00a0\u00bb, organis\u00e9e mardi 06 septembre 2016, \u00e0 F\u00e8s, ont mis en avant les \u00e9normes atouts et potentialit\u00e9s \u00e9conomiques que rec\u00e8le la r\u00e9gion. Le pr\u00e9sident du Conseil de la r\u00e9gion F\u00e8s-Mekn\u00e8s Mohand Laenser et le pr\u00e9sident de la commune urbaine de F\u00e8s, Driss Azami El Idrissi ont marqu\u00e9 de leur pr\u00e9sence cette rencontre.<\/p>\n<p style=\"text-align: justify;\">Les mesures \u00e0 m\u00eame de booster les investissements productifs dans les diff\u00e9rents domaines d&#8217;activit\u00e9 et d&#8217;am\u00e9liorer le climat des affaires dans la r\u00e9gion, ont \u00e9t\u00e9 trait\u00e9s et expos\u00e9s.<\/p>\n<p style=\"text-align: justify;\">La r\u00e9gion de F\u00e8s-Mekn\u00e8s inclut l&#8217;ancienne r\u00e9gion de F\u00e8s-Boulemane avec la moiti\u00e9 nord de celle de Mekn\u00e8s-Tafilalet, \u00e0 savoir la pr\u00e9fecture de Mekn\u00e8s et les provinces d\u2019El Hajeb, Ifrane et Midelt.<\/p>\n<p style=\"text-align: justify;\">La r\u00e9gion comprend les pr\u00e9fectures et provinces suivantes : la pr\u00e9fecture de F\u00e8s ; la province de Boulemane, la province de Sefrou, la province de Moulay Ya\u00e2coub, la province de Taounate, la province de Taza, la pr\u00e9fecture de Mekn\u00e8s, la province d\u2019El Hajeb, la province d\u2019Ifrane.<\/p>\n<h3 style=\"text-align: justify;\">Multiples pistes d\u2019investissement<\/h3>\n<p style=\"text-align: justify;\">Ses secteurs porteurs sont l\u2019agriculture \u00e9videmment, mais \u00e9galement le tourisme, les mines, l\u2019artisanat, le commerce, l\u2019industrie, l\u2019offshoring et le secteur forestier.<\/p>\n<p style=\"text-align: justify;\">L\u2019investissement est une priorit\u00e9 du plan d\u2019action de la commune de F\u00e8s. Il rel\u00e8ve de l&#8217;imp\u00e9ratif de relancer les investissements afin de relever les d\u00e9fis de l\u2019emploi des jeunes et de redynamiser l\u2019activit\u00e9 \u00e9conomique.<\/p>\n<p style=\"text-align: justify;\">Les atouts \u00e9conomiques et les avantages comparatifs de la ville figurent particuli\u00e8rement dans le domaine de l\u2019artisanat et du tourisme. Les diverses initiatives destin\u00e9es \u00e0 stimuler l\u2019acte d\u2019investir au niveau de la r\u00e9gion sont encourag\u00e9es. D\u2019ailleurs, ont \u00e9t\u00e9 instaur\u00e9s l&#8217;\u00e9tablissement d\u2019une prime pour l\u2019emploi au profit des entreprises et la cr\u00e9ation de zones franches \u00e0 l\u2019instar d&#8217;autres r\u00e9gions du Maroc.<\/p>\n<p style=\"text-align: justify;\">L\u2019int\u00e9r\u00eat du patrimoine immat\u00e9riel de la r\u00e9gion F\u00e8s-Mekn\u00e8s repr\u00e8sente un levier majeur d&#8217;attractivit\u00e9 touristique. F\u00e8s est class\u00e9e au patrimoine universel de l\u2019Unesco et abrite la plus ancienne universit\u00e9 au monde. Les deux villes accueillent des \u00e9v\u00e9nements culturels internationaux chaque ann\u00e9e, comme le Festival des musiques sacr\u00e9es du Monde \u00e0 la capitale spirituelle F\u00e8s ou le Salon international de l\u2019agriculture au Maroc (SIAM) \u00e0 Mekn\u00e8s.<\/p>\n","protected":false},"excerpt":{"rendered":"<p>La r\u00e9gion de F\u00e8s- Meknes repr\u00e9sente une terre d\u2019investissements de pr\u00e9dilection pour bon nombre de Marocains d&#8217;ici et d&#8217;ailleurs. Des atouts g\u00e9ographiques, des \u00e9cosyst\u00e8mes remarquables, et des secteurs dans lesquels la r\u00e9gion est leader. D\u00e9couverte d&#8217;une r\u00e9gion d&#8217;opportunit\u00e9s pour les investisseurs. Les participants \u00e0 une rencontre sur \u00ab\u00a0les opportunit\u00e9s d&#8217;investissement dans la r\u00e9gion F\u00e8s-Mekn\u00e8s\u00a0\u00bb, organis\u00e9e<\/p>\n","protected":false},"author":1,"featured_media":2330,"comment_status":"open","ping_status":"open","sticky":false,"template":"","format":"standard","meta":{"footnotes":""},"categories":[6],"tags":[],"_links":{"self":[{"href":"https:\/\/visit-meknes.com\/en\/wp-json\/wp\/v2\/posts\/2329"}],"collection":[{"href":"https:\/\/visit-meknes.com\/en\/wp-json\/wp\/v2\/posts"}],"about":[{"href":"https:\/\/visit-meknes.com\/en\/wp-json\/wp\/v2\/types\/post"}],"author":[{"embeddable":true,"href":"https:\/\/visit-meknes.com\/en\/wp-json\/wp\/v2\/users\/1"}],"replies":[{"embeddable":true,"href":"https:\/\/visit-meknes.com\/en\/wp-json\/wp\/v2\/comments?post=2329"}],"version-history":[{"count":1,"href":"https:\/\/visit-meknes.com\/en\/wp-json\/wp\/v2\/posts\/2329\/revisions"}],"predecessor-version":[{"id":2331,"href":"https:\/\/visit-meknes.com\/en\/wp-json\/wp\/v2\/posts\/2329\/revisions\/2331"}],"wp:featuredmedia":[{"embeddable":true,"href":"https:\/\/visit-meknes.com\/en\/wp-json\/wp\/v2\/media\/2330"}],"wp:attachment":[{"href":"https:\/\/visit-meknes.com\/en\/wp-json\/wp\/v2\/media?parent=2329"}],"wp:term":[{"taxonomy":"category","embeddable":true,"href":"https:\/\/visit-meknes.com\/en\/wp-json\/wp\/v2\/categories?post=2329"},{"taxonomy":"post_tag","embeddable":true,"href":"https:\/\/visit-meknes.com\/en\/wp-json\/wp\/v2\/tags?post=2329"}],"curies":[{"name":"wp","href":"https:\/\/api.w.org\/{rel}","templated":true}]}}