{"id":2311,"date":"2016-07-25T16:58:54","date_gmt":"2016-07-25T16:58:54","guid":{"rendered":"http:\/\/visit-meknes.com\/?p=2311"},"modified":"2016-07-25T16:58:54","modified_gmt":"2016-07-25T16:58:54","slug":"meknes-le-festival-international-de-volubilis-bat-son-plein","status":"publish","type":"post","link":"https:\/\/visit-meknes.com\/en\/meknes-le-festival-international-de-volubilis-bat-son-plein\/","title":{"rendered":"Mekn\u00e8s: Le Festival international de Volubilis bat son plein"},"content":{"rendered":"<p style=\"text-align: justify;\">Des groupes folkloriques locaux et autres originaires de contr\u00e9es montagneuses ont ouvert le bal, jeudi soir, de la 17e \u00e9dition du Festival international de Volubilis des musiques traditionnelles du monde, organis\u00e9e du 21 au 26 juillet \u00e0 l\u2019initiative du minist\u00e8re de la Culture. Connus sur la sc\u00e8ne artistique nationale, ces groupes se sont ainsi succ\u00e9d\u00e9 sur sc\u00e8ne pour le plus grand bonheur du public qui a pu, le temps d\u2019une soir\u00e9e, appr\u00e9cier la douceur d\u2019une musique populaire puisant ses racines dans la richesse et la diversit\u00e9 de la culture marocaine.<\/p>\n<p style=\"text-align: justify;\">Une communion si vite install\u00e9e entre ces groupes folkloriques et le public qui manifestait chaque fois son plaisir par un tonnerre d\u2019applaudissements. Ce festival, qui veut se positionner comme une tribune de promotion et de valorisation de la culture marocaine traditionnelle, a ouvert officiellement ses portes vendredi soir, sur le c\u00e9l\u00e8bre site historique de Volubilis class\u00e9 patrimoine universel de l\u2019Unesco. Cette \u00e9dition consacrera des moments forts pour rendre hommage \u00e0 deux grands pionniers de la musique marocaine, \u00e0 savoir Mohamed Ali et Ahmed Awatef.<\/p>\n<p style=\"text-align: justify;\">Le programme comporte des soir\u00e9es artistiques offertes par un certain nombre de troupes \u00e0 la place Lahdim, le Th\u00e9\u00e2tre Agora, ainsi qu\u2019au site historique de Volubilis. Participent \u00e9galement \u00e0 ce festival, initi\u00e9 en collaboration avec la commune urbaine de Mekn\u00e8s, le groupe Leila Lamrini pour la musique et la litt\u00e9rature arabes, Afrah F\u00e8s et Bnat Gnaoua, ainsi que la troupe \u00e9gyptienne Oum Kaltoum pour la musique arabe.<\/p>\n<p style=\"text-align: justify;\">Au menu figurent \u00e9galement des spectacles offerts par les troupes Achour Lakhdiri et Aissaoua, ainsi que par les artistes Latifa Raafat, Farid Ghannam et Hatem Iddar.<\/p>\n","protected":false},"excerpt":{"rendered":"<p>Des groupes folkloriques locaux et autres originaires de contr\u00e9es montagneuses ont ouvert le bal, jeudi soir, de la 17e \u00e9dition du Festival international de Volubilis des musiques traditionnelles du monde, organis\u00e9e du 21 au 26 juillet \u00e0 l\u2019initiative du minist\u00e8re de la Culture. Connus sur la sc\u00e8ne artistique nationale, ces groupes se sont ainsi succ\u00e9d\u00e9<\/p>\n","protected":false},"author":1,"featured_media":2312,"comment_status":"open","ping_status":"open","sticky":false,"template":"","format":"standard","meta":{"footnotes":""},"categories":[6,112],"tags":[],"_links":{"self":[{"href":"https:\/\/visit-meknes.com\/en\/wp-json\/wp\/v2\/posts\/2311"}],"collection":[{"href":"https:\/\/visit-meknes.com\/en\/wp-json\/wp\/v2\/posts"}],"about":[{"href":"https:\/\/visit-meknes.com\/en\/wp-json\/wp\/v2\/types\/post"}],"author":[{"embeddable":true,"href":"https:\/\/visit-meknes.com\/en\/wp-json\/wp\/v2\/users\/1"}],"replies":[{"embeddable":true,"href":"https:\/\/visit-meknes.com\/en\/wp-json\/wp\/v2\/comments?post=2311"}],"version-history":[{"count":1,"href":"https:\/\/visit-meknes.com\/en\/wp-json\/wp\/v2\/posts\/2311\/revisions"}],"predecessor-version":[{"id":2313,"href":"https:\/\/visit-meknes.com\/en\/wp-json\/wp\/v2\/posts\/2311\/revisions\/2313"}],"wp:featuredmedia":[{"embeddable":true,"href":"https:\/\/visit-meknes.com\/en\/wp-json\/wp\/v2\/media\/2312"}],"wp:attachment":[{"href":"https:\/\/visit-meknes.com\/en\/wp-json\/wp\/v2\/media?parent=2311"}],"wp:term":[{"taxonomy":"category","embeddable":true,"href":"https:\/\/visit-meknes.com\/en\/wp-json\/wp\/v2\/categories?post=2311"},{"taxonomy":"post_tag","embeddable":true,"href":"https:\/\/visit-meknes.com\/en\/wp-json\/wp\/v2\/tags?post=2311"}],"curies":[{"name":"wp","href":"https:\/\/api.w.org\/{rel}","templated":true}]}}