{"id":2270,"date":"2016-05-04T14:23:35","date_gmt":"2016-05-04T14:23:35","guid":{"rendered":"http:\/\/visit-meknes.com\/?p=2270"},"modified":"2016-05-04T14:23:35","modified_gmt":"2016-05-04T14:23:35","slug":"la-federation-internationale-des-journalistes-et-ecrivains-du-tourisme-tient-la-reunion-annuelle-de-son-comite-directeur-au-maroc-du-6-au-10-mai-2016","status":"publish","type":"post","link":"https:\/\/visit-meknes.com\/en\/la-federation-internationale-des-journalistes-et-ecrivains-du-tourisme-tient-la-reunion-annuelle-de-son-comite-directeur-au-maroc-du-6-au-10-mai-2016\/","title":{"rendered":"La F\u00e9d\u00e9ration Internationale des Journalistes et \u00e9crivains du Tourisme tient la r\u00e9union annuelle de son Comit\u00e9 Directeur au Maroc du 6 au 10 Mai 2016"},"content":{"rendered":"<p>Le Comit\u00e9 Directeur de la F\u00e9d\u00e9ration Internationale des Journalistes et Ecrivains du Tourisme (FIJET) tiendra sa r\u00e9union annuelle au Maroc, du 6 au 10 mai 2016.<\/p>\n<p>Les travaux du Comit\u00e9 Directeur de la FIJET se d\u00e9rouleront avec des escales pr\u00e9vues \u00e0 Casablanca, Mekn\u00e8s, Marrakech et El Jadida.<\/p>\n<p>Prendront part \u00e0 ces travaux plus de 100 journalistes sp\u00e9cialis\u00e9s en tourisme, venus de plusieurs pays, dont les Etats Unis, la Russie, l\u2019Allemagne, la France, l\u2019Espagne, l\u2019Italie, la Serbie, la Slov\u00e9nie, la Turquie, Malte, la Belgique, la Bosnie, la Bulgarie, la Slovaquie, la Croatie, le Panama, le Venezuela, l\u2019Argentine, l\u2019Egypte, la Tunisie, l\u2019Alg\u00e9rie, le Liban, et le Bahre\u00efn en plus du Maroc.<\/p>\n<p>Des rencontres avec les d\u00e9cideurs et acteurs intervenant dans le secteur sont \u00e9galement pr\u00e9vues, en marge des travaux du Comit\u00e9 Directeur de la FIJET.<\/p>\n<p>Cette importante r\u00e9union intervient en plein contexte de crise du tourisme dans la r\u00e9gion de la M\u00e9diterran\u00e9e o\u00f9 le Maroc tient \u00e0 se positionner en destination touristique stable et comp\u00e9titive \u00e0 m\u00eame d\u2019occuper une place de choix dans la programmation des Tours op\u00e9rateurs et voyagistes internationaux.<\/p>\n<p>La place privil\u00e9gi\u00e9e tenue par le Maroc dans le paysage des destinations \u00e0 visiter et \u00e0 potentiel sera, entre autres sujets, d\u00e9battue lors du Forum pr\u00e9vu durant le conclave de la FIJET plac\u00e9 sous le th\u00e8me : \u00abTourisme m\u00e9diterran\u00e9en : D\u00e9fis et Horizons\u00bb.<\/p>\n<p>D\u2019\u00e9minents experts nationaux et \u00e9trangers y interviendront, \u00e0 c\u00f4t\u00e9 d\u2019anciens ministres du Tourisme de Croatie et de Tunisie, en plus des Pr\u00e9sidents de la FIJET et de la Fondation Internationale du Tourisme m\u00e9diterran\u00e9en.<\/p>\n<p>La tenue de cet \u00e9v\u00e9nement au Maroc contribuera certainement \u00e0 la promotion touristique du pays, car chaque journaliste, qu\u2019il soit de la presse \u00e9crite, \u00e9lectronique ou audio-visuelle, est tenu de d\u00e9crire sur son support le v\u00e9cu de son s\u00e9jour dans le pays h\u00f4te et d\u2019en d\u00e9montrer les points forts en termes de destination touristique privil\u00e9gi\u00e9e.<\/p>\n<p>Une opportunit\u00e9 pour nous, journalistes marocains, de capitaliser sur cet \u00e9v\u00e9nement, dont l\u2019impact positif sera certainement multiple sur l\u2019image du Maroc.<\/p>\n<p>Ce conclave b\u00e9n\u00e9ficie, notamment, du soutien des minist\u00e8res du Tourisme, de la Communication et de la Culture, ainsi que de la SMIT, de la RAM, de l\u2019ONDA, de la Conf\u00e9d\u00e9ration nationale du Tourisme, de la F\u00e9d\u00e9ration nationale de l\u2019industrie h\u00f4teli\u00e8re, de la F\u00e9d\u00e9ration nationale des transporteurs touristiques, de l\u2019Association R\u00e9gionale des Agences de voyages de Casablanca-Settat, etc.<\/p>\n<p>Il b\u00e9n\u00e9ficie \u00e9galement de l\u2019appui des Conseils r\u00e9gionaux du tourisme de Marrakech-Safi et de Casablanca-Settat, ainsi que du Conseil provincial du tourisme de Mekn\u00e8s.<\/p>\n<p><a href=\"http:\/\/visit-meknes.com\/wp-content\/uploads\/2016\/05\/Programme-AMJET.jpg\"><img loading=\"lazy\" decoding=\"async\" class=\"size-full wp-image-2271 aligncenter\" src=\"http:\/\/visit-meknes.com\/wp-content\/uploads\/2016\/05\/Programme-AMJET.jpg\" alt=\"Programme AMJET\" width=\"598\" height=\"842\" \/><\/a><\/p>\n","protected":false},"excerpt":{"rendered":"<p>Le Comit\u00e9 Directeur de la F\u00e9d\u00e9ration Internationale des Journalistes et Ecrivains du Tourisme (FIJET) tiendra sa r\u00e9union annuelle au Maroc, du 6 au 10 mai 2016. Les travaux du Comit\u00e9 Directeur de la FIJET se d\u00e9rouleront avec des escales pr\u00e9vues \u00e0 Casablanca, Mekn\u00e8s, Marrakech et El Jadida. Prendront part \u00e0 ces travaux plus de 100<\/p>\n","protected":false},"author":1,"featured_media":2272,"comment_status":"open","ping_status":"open","sticky":false,"template":"","format":"standard","meta":{"footnotes":""},"categories":[70],"tags":[],"_links":{"self":[{"href":"https:\/\/visit-meknes.com\/en\/wp-json\/wp\/v2\/posts\/2270"}],"collection":[{"href":"https:\/\/visit-meknes.com\/en\/wp-json\/wp\/v2\/posts"}],"about":[{"href":"https:\/\/visit-meknes.com\/en\/wp-json\/wp\/v2\/types\/post"}],"author":[{"embeddable":true,"href":"https:\/\/visit-meknes.com\/en\/wp-json\/wp\/v2\/users\/1"}],"replies":[{"embeddable":true,"href":"https:\/\/visit-meknes.com\/en\/wp-json\/wp\/v2\/comments?post=2270"}],"version-history":[{"count":1,"href":"https:\/\/visit-meknes.com\/en\/wp-json\/wp\/v2\/posts\/2270\/revisions"}],"predecessor-version":[{"id":2273,"href":"https:\/\/visit-meknes.com\/en\/wp-json\/wp\/v2\/posts\/2270\/revisions\/2273"}],"wp:featuredmedia":[{"embeddable":true,"href":"https:\/\/visit-meknes.com\/en\/wp-json\/wp\/v2\/media\/2272"}],"wp:attachment":[{"href":"https:\/\/visit-meknes.com\/en\/wp-json\/wp\/v2\/media?parent=2270"}],"wp:term":[{"taxonomy":"category","embeddable":true,"href":"https:\/\/visit-meknes.com\/en\/wp-json\/wp\/v2\/categories?post=2270"},{"taxonomy":"post_tag","embeddable":true,"href":"https:\/\/visit-meknes.com\/en\/wp-json\/wp\/v2\/tags?post=2270"}],"curies":[{"name":"wp","href":"https:\/\/api.w.org\/{rel}","templated":true}]}}