{"id":2265,"date":"2016-04-22T14:43:35","date_gmt":"2016-04-22T14:43:35","guid":{"rendered":"http:\/\/visit-meknes.com\/?p=2265"},"modified":"2016-04-22T14:45:30","modified_gmt":"2016-04-22T14:45:30","slug":"accord-de-partenariat-entre-la-region-fes-meknes-et-la-region-francaise-centre-val-de-loire","status":"publish","type":"post","link":"https:\/\/visit-meknes.com\/en\/accord-de-partenariat-entre-la-region-fes-meknes-et-la-region-francaise-centre-val-de-loire\/","title":{"rendered":"Accord de partenariat entre la r\u00e9gion F\u00e8s-Mekn\u00e8s et la r\u00e9gion fran\u00e7aise Centre-Val de Loire"},"content":{"rendered":"<p style=\"text-align: justify;\">Le pr\u00e9sident de la r\u00e9gion F\u00e8s-Mekn\u00e8s, <em><strong>M\u2019hand Laenser<\/strong><\/em> et son homologue de la r\u00e9gion Centre-Val de Loire, <em><strong>Fran\u00e7ois Bonneau<\/strong><\/em>, ont sign\u00e9 mercredi \u00e0 F\u00e8s, un accord cadre de partenariat dans le domaine du d\u00e9veloppement territorial ainsi que dans d\u2019autres domaines comme l\u2019\u00e9conomie sociale et solidaire, le d\u00e9veloppement durable inclusif, l\u2019am\u00e9nagement du territoire, la planification territoriale et la gouvernance locale.<\/p>\n<p style=\"text-align: justify;\">Il porte \u00e9galement sur la formation, la recherche, le transfert de technologie, la jeunesse et le dialogue interculturel ainsi que la coop\u00e9ration dans les domaines \u00e9conomique, touristique, et culturel.<\/p>\n<p style=\"text-align: justify;\">Lors de son intervention, le pr\u00e9sident de la r\u00e9gion Centre-Val de Loire, <em><strong>Fran\u00e7ois Bonneau<\/strong><\/em> a mis l\u2019accent sur l\u2019intensification des relations touristiques et culturelles. Il a aussi mis en valeur le projet touristique durable <strong>&#8220;La Loire \u00e0 V\u00e9lo&#8221;<\/strong> , qui consiste \u00e0 mieux appr\u00e9cier les paysages et les richesses gastronomiques de cette r\u00e9gion fran\u00e7aise, un projet connait un million d\u2019utilisateurs. De son c\u00f4t\u00e9, <em><strong>M. Laenser<\/strong><\/em> a mis l\u2019accent sur les relations <strong>&#8220;excellentes&#8221;<\/strong> d\u2019amiti\u00e9 et de coop\u00e9ration qui lient le Maroc et la France estimant que ce partenariat est consid\u00e9r\u00e9 comme socle et moteur indispensable \u00e0 la construction d\u2019un espace euro-m\u00e9diterran\u00e9en stable, solidaire et prosp\u00e8re.<\/p>\n<p style=\"text-align: justify;\">Il a \u00e9galement mis en valeur l\u2019importance de cet accord de partenariat destin\u00e9 \u00e0 donner un nouvel \u00e9lan \u00e0 la coop\u00e9ration entre les deux r\u00e9gions.<\/p>\n","protected":false},"excerpt":{"rendered":"<p>Le pr\u00e9sident de la r\u00e9gion F\u00e8s-Mekn\u00e8s, M\u2019hand Laenser et son homologue de la r\u00e9gion Centre-Val de Loire, Fran\u00e7ois Bonneau, ont sign\u00e9 mercredi \u00e0 F\u00e8s, un accord cadre de partenariat dans le domaine du d\u00e9veloppement territorial ainsi que dans d\u2019autres domaines comme l\u2019\u00e9conomie sociale et solidaire, le d\u00e9veloppement durable inclusif, l\u2019am\u00e9nagement du territoire, la planification territoriale<\/p>\n","protected":false},"author":1,"featured_media":2268,"comment_status":"open","ping_status":"open","sticky":false,"template":"","format":"standard","meta":{"footnotes":""},"categories":[6],"tags":[],"_links":{"self":[{"href":"https:\/\/visit-meknes.com\/en\/wp-json\/wp\/v2\/posts\/2265"}],"collection":[{"href":"https:\/\/visit-meknes.com\/en\/wp-json\/wp\/v2\/posts"}],"about":[{"href":"https:\/\/visit-meknes.com\/en\/wp-json\/wp\/v2\/types\/post"}],"author":[{"embeddable":true,"href":"https:\/\/visit-meknes.com\/en\/wp-json\/wp\/v2\/users\/1"}],"replies":[{"embeddable":true,"href":"https:\/\/visit-meknes.com\/en\/wp-json\/wp\/v2\/comments?post=2265"}],"version-history":[{"count":1,"href":"https:\/\/visit-meknes.com\/en\/wp-json\/wp\/v2\/posts\/2265\/revisions"}],"predecessor-version":[{"id":2267,"href":"https:\/\/visit-meknes.com\/en\/wp-json\/wp\/v2\/posts\/2265\/revisions\/2267"}],"wp:featuredmedia":[{"embeddable":true,"href":"https:\/\/visit-meknes.com\/en\/wp-json\/wp\/v2\/media\/2268"}],"wp:attachment":[{"href":"https:\/\/visit-meknes.com\/en\/wp-json\/wp\/v2\/media?parent=2265"}],"wp:term":[{"taxonomy":"category","embeddable":true,"href":"https:\/\/visit-meknes.com\/en\/wp-json\/wp\/v2\/categories?post=2265"},{"taxonomy":"post_tag","embeddable":true,"href":"https:\/\/visit-meknes.com\/en\/wp-json\/wp\/v2\/tags?post=2265"}],"curies":[{"name":"wp","href":"https:\/\/api.w.org\/{rel}","templated":true}]}}