{"id":2243,"date":"2016-02-19T17:28:23","date_gmt":"2016-02-19T17:28:23","guid":{"rendered":"http:\/\/visit-meknes.com\/?p=2243"},"modified":"2016-02-19T17:28:23","modified_gmt":"2016-02-19T17:28:23","slug":"siam-2016-la-11eme-edition-du-27-avril-au-1er-mai","status":"publish","type":"post","link":"https:\/\/visit-meknes.com\/en\/siam-2016-la-11eme-edition-du-27-avril-au-1er-mai\/","title":{"rendered":"SIAM 2016 : La 11\u00e8me \u00e9dition du 27 avril au 1er mai"},"content":{"rendered":"<p style=\"text-align: justify;\">Cette \u00e9dition se d\u00e9roulera \u00a0sous le th\u00e8me \u00ab\u00a0<strong>l\u2019optimisation des ressources pour une agriculture performante et durable<\/strong>\u00a0\u00bb. Pour cette ann\u00e9e,\u00a0\u00a0le salon sera \u00e9rig\u00e9 sur une superficie globale de 172.000 m\u00b2, dont 80.000 m\u00b2 couverte avec 3.000 places de parking\u00a0et\u00a0devra drainer plus de 850.000 visiteurs et 1.200 exposants repr\u00e9sentant 60 pays.\u00a0Cette\u00a0\u00e9dition se d\u00e9cline en neuf p\u00f4les \u00e0 savoir \u00ab\u00a0<strong>P\u00f4le R\u00e9gions<\/strong>\u00a0\u00bb, \u00ab\u00a0<strong>P\u00f4le Sponsors et Institutionnels<\/strong>\u00a0\u00bb, \u00ab\u00a0<strong>P\u00f4le International<\/strong>\u00a0\u00bb, \u00ab\u00a0<strong>P\u00f4le Produits<\/strong>\u00a0\u00bb, \u00ab\u00a0<strong>P\u00f4le Agrofourniture<\/strong>\u00a0\u00bb, \u00ab\u00a0<strong>P\u00f4le Nature et Vie<\/strong>\u00a0\u00bb, \u00ab\u00a0<strong>P\u00f4le Produits du terroir<\/strong>\u00a0\u00bb, \u00ab\u00a0<strong>P\u00f4le Elevage<\/strong>\u00a0\u00bb et \u00ab\u00a0<strong>P\u00f4le Machinisme<\/strong>\u00a0\u00bb.<\/p>\n<p style=\"text-align: justify;\">Chacune des 12 r\u00e9gions du Royaume (Tanger-T\u00e9touan-Al Hoceima, l\u2019Oriental, F\u00e8s-Mekn\u00e8s, Beni Mellal-Kh\u00e9nifra, Rabat-Sal\u00e9-K\u00e9nitra, Casablanca-Settat, Marrakech-Safi, Dr\u00e2a-Tafilalet, Souss-Massa, Guelmim-Oued Noun, La\u00e2youne-Sakia El Hamra et Dakhla-Oued Ed Dahab) sera repr\u00e9sent\u00e9e d\u00e9clinant toutes les th\u00e9matiques relatives \u00e0 l\u2019agriculture de sa zone g\u00e9ographique, les particularit\u00e9s g\u00e9o-climatiques, les produits du terroir, l\u2019agrotourisme et la politique agricole.<\/p>\n<p style=\"text-align: justify;\">Lors de cette \u00e9dition, l\u2019Etat des <strong>\u00ab Emirats Arabes Unis \u00bb,<\/strong>\u00a0seront\u00a0invit\u00e9 d\u2019honneur.<\/p>\n","protected":false},"excerpt":{"rendered":"<p>Cette \u00e9dition se d\u00e9roulera \u00a0sous le th\u00e8me \u00ab\u00a0l\u2019optimisation des ressources pour une agriculture performante et durable\u00a0\u00bb. Pour cette ann\u00e9e,\u00a0\u00a0le salon sera \u00e9rig\u00e9 sur une superficie globale de 172.000 m\u00b2, dont 80.000 m\u00b2 couverte avec 3.000 places de parking\u00a0et\u00a0devra drainer plus de 850.000 visiteurs et 1.200 exposants repr\u00e9sentant 60 pays.\u00a0Cette\u00a0\u00e9dition se d\u00e9cline en neuf p\u00f4les \u00e0<\/p>\n","protected":false},"author":1,"featured_media":2244,"comment_status":"open","ping_status":"open","sticky":false,"template":"","format":"standard","meta":{"footnotes":""},"categories":[70,6],"tags":[],"_links":{"self":[{"href":"https:\/\/visit-meknes.com\/en\/wp-json\/wp\/v2\/posts\/2243"}],"collection":[{"href":"https:\/\/visit-meknes.com\/en\/wp-json\/wp\/v2\/posts"}],"about":[{"href":"https:\/\/visit-meknes.com\/en\/wp-json\/wp\/v2\/types\/post"}],"author":[{"embeddable":true,"href":"https:\/\/visit-meknes.com\/en\/wp-json\/wp\/v2\/users\/1"}],"replies":[{"embeddable":true,"href":"https:\/\/visit-meknes.com\/en\/wp-json\/wp\/v2\/comments?post=2243"}],"version-history":[{"count":1,"href":"https:\/\/visit-meknes.com\/en\/wp-json\/wp\/v2\/posts\/2243\/revisions"}],"predecessor-version":[{"id":2245,"href":"https:\/\/visit-meknes.com\/en\/wp-json\/wp\/v2\/posts\/2243\/revisions\/2245"}],"wp:featuredmedia":[{"embeddable":true,"href":"https:\/\/visit-meknes.com\/en\/wp-json\/wp\/v2\/media\/2244"}],"wp:attachment":[{"href":"https:\/\/visit-meknes.com\/en\/wp-json\/wp\/v2\/media?parent=2243"}],"wp:term":[{"taxonomy":"category","embeddable":true,"href":"https:\/\/visit-meknes.com\/en\/wp-json\/wp\/v2\/categories?post=2243"},{"taxonomy":"post_tag","embeddable":true,"href":"https:\/\/visit-meknes.com\/en\/wp-json\/wp\/v2\/tags?post=2243"}],"curies":[{"name":"wp","href":"https:\/\/api.w.org\/{rel}","templated":true}]}}