{"id":2240,"date":"2016-02-16T15:57:12","date_gmt":"2016-02-16T15:57:12","guid":{"rendered":"http:\/\/visit-meknes.com\/?p=2240"},"modified":"2016-02-16T15:57:12","modified_gmt":"2016-02-16T15:57:12","slug":"festival-international-du-film-danimation-de-meknes","status":"publish","type":"post","link":"https:\/\/visit-meknes.com\/en\/festival-international-du-film-danimation-de-meknes\/","title":{"rendered":"Festival International du Film d&#8217;animation de Meknes"},"content":{"rendered":"<p style=\"text-align: justify;\">La 15\u00e8me \u00e9dition du Festival International du Film d\u2019Animation de Mekn\u00e8s se d\u00e9roulera du 25 au 30 mars prochain. Elle sera consacr\u00e9e au documentaire anim\u00e9 via une r\u00e9trospective consacr\u00e9e \u00e0 la r\u00e9alisatrice roumaine, <em><strong>Anca Damian<\/strong><\/em>. Elle sera aussi l&#8217;occasion de d\u00e9couvrir l&#8217;exposition &#8220;<strong>Portraits de voyages<\/strong>&#8221; du r\u00e9alisateur fran\u00e7ais, <em><strong>Bastien Dubois<\/strong><\/em>. La s\u00e9ance d&#8217;ouverture consacrera le documentaire &#8220;<strong>Le Proph\u00e8te<\/strong>&#8221; de l&#8217;Am\u00e9ricain <em><strong>Roger Allers<\/strong> <\/em>qui s&#8217;est inspir\u00e9 de l&#8217;oeuvre de <em>Gibran Khalil<\/em>.<\/p>\n","protected":false},"excerpt":{"rendered":"<p>La 15\u00e8me \u00e9dition du Festival International du Film d\u2019Animation de Mekn\u00e8s se d\u00e9roulera du 25 au 30 mars prochain. Elle sera consacr\u00e9e au documentaire anim\u00e9 via une r\u00e9trospective consacr\u00e9e \u00e0 la r\u00e9alisatrice roumaine, Anca Damian. Elle sera aussi l&#8217;occasion de d\u00e9couvrir l&#8217;exposition &#8220;Portraits de voyages&#8221; du r\u00e9alisateur fran\u00e7ais, Bastien Dubois. La s\u00e9ance d&#8217;ouverture consacrera le<\/p>\n","protected":false},"author":1,"featured_media":2241,"comment_status":"open","ping_status":"open","sticky":false,"template":"","format":"standard","meta":{"footnotes":""},"categories":[70,6],"tags":[],"_links":{"self":[{"href":"https:\/\/visit-meknes.com\/en\/wp-json\/wp\/v2\/posts\/2240"}],"collection":[{"href":"https:\/\/visit-meknes.com\/en\/wp-json\/wp\/v2\/posts"}],"about":[{"href":"https:\/\/visit-meknes.com\/en\/wp-json\/wp\/v2\/types\/post"}],"author":[{"embeddable":true,"href":"https:\/\/visit-meknes.com\/en\/wp-json\/wp\/v2\/users\/1"}],"replies":[{"embeddable":true,"href":"https:\/\/visit-meknes.com\/en\/wp-json\/wp\/v2\/comments?post=2240"}],"version-history":[{"count":1,"href":"https:\/\/visit-meknes.com\/en\/wp-json\/wp\/v2\/posts\/2240\/revisions"}],"predecessor-version":[{"id":2242,"href":"https:\/\/visit-meknes.com\/en\/wp-json\/wp\/v2\/posts\/2240\/revisions\/2242"}],"wp:featuredmedia":[{"embeddable":true,"href":"https:\/\/visit-meknes.com\/en\/wp-json\/wp\/v2\/media\/2241"}],"wp:attachment":[{"href":"https:\/\/visit-meknes.com\/en\/wp-json\/wp\/v2\/media?parent=2240"}],"wp:term":[{"taxonomy":"category","embeddable":true,"href":"https:\/\/visit-meknes.com\/en\/wp-json\/wp\/v2\/categories?post=2240"},{"taxonomy":"post_tag","embeddable":true,"href":"https:\/\/visit-meknes.com\/en\/wp-json\/wp\/v2\/tags?post=2240"}],"curies":[{"name":"wp","href":"https:\/\/api.w.org\/{rel}","templated":true}]}}