{"id":2231,"date":"2016-01-31T16:12:54","date_gmt":"2016-01-31T16:12:54","guid":{"rendered":"http:\/\/visit-meknes.com\/?p=2231"},"modified":"2016-01-31T16:24:44","modified_gmt":"2016-01-31T16:24:44","slug":"meknes-fete-le-cinema-danimation","status":"publish","type":"post","link":"https:\/\/visit-meknes.com\/en\/meknes-fete-le-cinema-danimation\/","title":{"rendered":"Mekn\u00e8s f\u00eate le cin\u00e9ma d\u2019animation"},"content":{"rendered":"<p style=\"text-align: justify;\"><a href=\"http:\/\/visit-meknes.com\/wp-content\/uploads\/2016\/01\/meknes_cinema_animation.jpg\"><img loading=\"lazy\" decoding=\"async\" class=\" wp-image-2235 alignright\" src=\"http:\/\/visit-meknes.com\/wp-content\/uploads\/2016\/01\/meknes_cinema_animation.jpg\" alt=\"meknes_cinema_animation\" width=\"118\" height=\"160\" \/><\/a>Mekn\u00e8s accueillera \u00e0 partir du 25 mars prochain la 15e \u00e9dition du Festival international de cin\u00e9ma d\u2019animation (<strong>FICAM<\/strong>). L\u2019\u00e9v\u00e8nement comprendra entre autres la projection de nombreux films d\u2019animation r\u00e9cents dont \u00a0le long-m\u00e9trage anim\u00e9 am\u00e9ricain \u00abZootopie\u00bb.<\/p>\n<p style=\"text-align: justify;\">Au rayon des nouveaut\u00e9s, les visiteurs pourront d\u00e9couvrir un centre de ressources sur le cin\u00e9ma d\u2019animation ou encore participer \u00e0 une r\u00e9sidence d\u2019\u00e9criture.<\/p>\n<p style=\"text-align: justify;\">D\u00e9di\u00e9 avant tout aux \u00e9tudiants issus d\u2019\u00e9coles d\u2019art et d\u2019audiovisuel du Royaume, cette nouvelle \u00e9dition du <strong>FICAM<\/strong> sera marqu\u00e9e par la pr\u00e9sence de nombreux professionnels du domaine mais \u00e9galement d\u2019invit\u00e9s de marque parmi lesquels les r\u00e9alisateurs Michel Ocelot, Eric Doldberg ou encore Peter Lord.<\/p>\n","protected":false},"excerpt":{"rendered":"<p>Mekn\u00e8s accueillera \u00e0 partir du 25 mars prochain la 15e \u00e9dition du Festival international de cin\u00e9ma d\u2019animation (FICAM). L\u2019\u00e9v\u00e8nement comprendra entre autres la projection de nombreux films d\u2019animation r\u00e9cents dont \u00a0le long-m\u00e9trage anim\u00e9 am\u00e9ricain \u00abZootopie\u00bb. Au rayon des nouveaut\u00e9s, les visiteurs pourront d\u00e9couvrir un centre de ressources sur le cin\u00e9ma d\u2019animation ou encore participer \u00e0<\/p>\n","protected":false},"author":1,"featured_media":2233,"comment_status":"open","ping_status":"open","sticky":false,"template":"","format":"standard","meta":{"footnotes":""},"categories":[70,6],"tags":[],"_links":{"self":[{"href":"https:\/\/visit-meknes.com\/en\/wp-json\/wp\/v2\/posts\/2231"}],"collection":[{"href":"https:\/\/visit-meknes.com\/en\/wp-json\/wp\/v2\/posts"}],"about":[{"href":"https:\/\/visit-meknes.com\/en\/wp-json\/wp\/v2\/types\/post"}],"author":[{"embeddable":true,"href":"https:\/\/visit-meknes.com\/en\/wp-json\/wp\/v2\/users\/1"}],"replies":[{"embeddable":true,"href":"https:\/\/visit-meknes.com\/en\/wp-json\/wp\/v2\/comments?post=2231"}],"version-history":[{"count":4,"href":"https:\/\/visit-meknes.com\/en\/wp-json\/wp\/v2\/posts\/2231\/revisions"}],"predecessor-version":[{"id":2238,"href":"https:\/\/visit-meknes.com\/en\/wp-json\/wp\/v2\/posts\/2231\/revisions\/2238"}],"wp:featuredmedia":[{"embeddable":true,"href":"https:\/\/visit-meknes.com\/en\/wp-json\/wp\/v2\/media\/2233"}],"wp:attachment":[{"href":"https:\/\/visit-meknes.com\/en\/wp-json\/wp\/v2\/media?parent=2231"}],"wp:term":[{"taxonomy":"category","embeddable":true,"href":"https:\/\/visit-meknes.com\/en\/wp-json\/wp\/v2\/categories?post=2231"},{"taxonomy":"post_tag","embeddable":true,"href":"https:\/\/visit-meknes.com\/en\/wp-json\/wp\/v2\/tags?post=2231"}],"curies":[{"name":"wp","href":"https:\/\/api.w.org\/{rel}","templated":true}]}}