{"id":2080,"date":"2015-05-28T21:03:43","date_gmt":"2015-05-28T21:03:43","guid":{"rendered":"http:\/\/visit-meknes.com\/?p=2080"},"modified":"2015-05-28T21:03:43","modified_gmt":"2015-05-28T21:03:43","slug":"la-fondation-attijariwafa-bank-met-a-lhonneur-la-region-du-grand-meknes","status":"publish","type":"post","link":"https:\/\/visit-meknes.com\/en\/la-fondation-attijariwafa-bank-met-a-lhonneur-la-region-du-grand-meknes\/","title":{"rendered":"LA FONDATION ATTIJARIWAFA BANK MET \u00c0 L\u2019HONNEUR LA R\u00c9GION DU GRAND MEKN\u00c8S"},"content":{"rendered":"<p style=\"text-align: justify;\"><a href=\"http:\/\/visit-meknes.com\/wp-content\/uploads\/2015\/05\/wali-meknes-Mohamed-Kadiri.jpg\"><img loading=\"lazy\" decoding=\"async\" class=\" wp-image-2081 aligncenter\" src=\"http:\/\/visit-meknes.com\/wp-content\/uploads\/2015\/05\/wali-meknes-Mohamed-Kadiri.jpg\" alt=\"wali-meknes-Mohamed-Kadiri\" width=\"640\" height=\"357\" \/><\/a><\/p>\n<p style=\"text-align: justify;\">La Fondation Attijariwafa bank a organis\u00e9 le 19 mai 2015, la dixi\u00e8me \u00e9dition de son cycle de conf\u00e9rences \u00ab\u00a0Echanger pour mieux comprendre\u00a0\u00bb, dans la ville de Mekn\u00e8s. Cette premi\u00e8re rencontre organis\u00e9e en r\u00e9gion par le p\u00f4le Edition &amp; D\u00e9bats, s\u2019est d\u00e9roul\u00e9e, en pr\u00e9sence de M. Mohamed Kadiri, Wali du Grand Mekn\u00e8s et d\u2019un parterre de plus de 400 personnalit\u00e9s de la r\u00e9gion. Hommes d\u2019affaires, universitaires, \u00e9lus locaux et acteurs associatifs se sont donn\u00e9s ainsi rendez- vous au complexe culturel du minist\u00e8re des Habous de la capitale isma\u00eflienne pour \u00e9changer autour du potentiel de d\u00e9veloppement du Grand Mekn\u00e8s et de ses gisements de croissance, sous la mod\u00e9ration de M. Mounir Herradi, responsable de la Communication Interne d\u2019Attijariwafa bank.<\/p>\n<p style=\"text-align: justify;\">Dans son mot de bienvenue, Mme Saloua Benmehrez Directeur Ex\u00e9cutif, en charge de la Communication Groupe et de la Fondation Attijariwafa bank, a rappel\u00e9 le r\u00f4le majeur jou\u00e9 depuis plusieurs d\u00e9cennies par la Fondation Attijariwafa bank, dans les domaines de la Culture et de l\u2019Education. \u00ab\u00a0Cet engagement n\u2019est pas d\u00fb au hasard car le groupe Attijariwafa bank a toujours \u00e9t\u00e9 conscient de l\u2019importance de l\u2019enseignement, de la formation et de la d\u00e9mocratisation de l\u2019acc\u00e8s \u00e0 l\u2019art, dans le d\u00e9veloppement du pays.\u00a0 \u00ab\u00a0Et plus r\u00e9cemment, face aux mutations profondes et rapides que conna\u00eet notre environnement, il nous a sembl\u00e9 n\u00e9cessaire d\u2019\u00e9largir le champ d\u2019intervention de la Fondation en la dotant d\u2019une plateforme de d\u00e9bats ouverte \u00e0 toutes les composantes de la soci\u00e9t\u00e9, au-del\u00e0 de la client\u00e8le de la banque, et toutes r\u00e9gions confondues.\u00a0\u00bb<\/p>\n<p style=\"text-align: justify;\">Si la Fondation a choisi le Grand Mekn\u00e8s pour sa premi\u00e8re conf\u00e9rence r\u00e9gionale, c\u2019est parce que cette r\u00e9gion conna\u00eet une dynamique sans pr\u00e9c\u00e9dent. La Strat\u00e9gie de D\u00e9veloppement du Grand Mekn\u00e8s 2015- 2020, actuellement en cours de finalisation, sous la supervision \u00e9troite de Monsieur le Wali, mobilise toutes les forces vives de la r\u00e9gion. Il \u00e9tait donc opportun de promouvoir les potentialit\u00e9s \u00e9conomiques et culturelles du Grand Mekn\u00e8s, en mettant en avant la diversit\u00e9 des projets programm\u00e9s dans le Plan de d\u00e9veloppement 2015\/2020, la qualit\u00e9 de son capital immat\u00e9riel et la richesse de son patrimoine \u00e9cologique et historique.<\/p>\n<p style=\"text-align: justify;\">\u00ab\u00a0Notre volont\u00e9 est de contribuer \u00e0 faire conna\u00eetre \u00e0 l\u2019ensemble des acteurs nationaux, l\u2019importance des gisements de croissance que renferme cette r\u00e9gion et la richesse de son patrimoine historique et culturel qui fait son identit\u00e9 \u00bb, conclut\u00a0Mme Saloua Benmehrez.<\/p>\n<p style=\"text-align: justify;\">Dans son allocution, M. Mohamed Kadiri a, pour sa part, rappel\u00e9 l\u2019importance des chantiers engag\u00e9s dans le Grand Mekn\u00e8s en vue d\u2019attirer les investisseurs et favoriser la cr\u00e9ation d\u2019emplois p\u00e9rennes, en faveur des jeunes en particulier. Monsieur le Wali a \u00e9galement insist\u00e9 sur la n\u00e9cessit\u00e9 de concr\u00e9tiser plusieurs projets structurants \u00e0 travers la mobilisation de fonds publics, mais aussi la captation de capitaux priv\u00e9s.<\/p>\n<p style=\"text-align: justify;\">Passant en revue la panoplie de ces projets structurants, M. Hassan Bahi, Directeur g\u00e9n\u00e9ral du CRI a, au cours de son intervention, mis en lumi\u00e8re la diversit\u00e9 et les sp\u00e9cificit\u00e9s des chantiers susceptibles de b\u00e9n\u00e9ficier de financements publics et dont le co\u00fbt global est estim\u00e9 \u00e0 pr\u00e8s de 4,5 milliards de dirhams. \u00ab\u00a0Ces projets structurants concernent aussi bien la construction d\u2019un campus universitaire que l\u2019am\u00e9nagement de la vall\u00e9e de Boufekrane, ou la construction du grand th\u00e9\u00e2tre de Mekn\u00e8s, ou encore le lancement d\u2019un parc zoologique et le r\u00e9am\u00e9nagement des c\u00e9l\u00e8bres jardins de Mekn\u00e8s.\u00a0\u00bb Quant aux projets soumis \u00e0 appel \u00e0 manifestation d\u2019int\u00e9r\u00eat, ils portent sur la construction d\u2019un Resort de la cit\u00e9 imp\u00e9riale et d\u2019un mus\u00e9e interactif de l\u2019histoire du Maroc, l\u2019am\u00e9nagement de la place Volubilis et la construction d\u2019un palais des Congr\u00e8s\u2026<\/p>\n<p style=\"text-align: justify;\">Prenant la parole, M.Hassan Sahbi, Pr\u00e9sident de l\u2019Universit\u00e9 Moulay Isma\u00efl (UMI) a d\u00e9montr\u00e9 que cette institution a toutes les qualit\u00e9s requises pour contribuer au d\u00e9veloppement r\u00e9gional et durable du Grand Mekn\u00e8s. \u00ab\u00a0Nous concentrons tous nos efforts sur l\u2019am\u00e9lioration de notre offre de formation professionnalisante et technique afin qu\u2019elle soit en ad\u00e9quation avec les besoins de la r\u00e9gion. De m\u00eame, que nous encourageons la cr\u00e9ation d\u2019entreprises et la valorisation des r\u00e9sultats de la recherche scientifique \u00e0 travers l\u2019incubateur cr\u00e9\u00e9 au sein de l\u2019UMI.\u00bb Toujours dans le m\u00eame esprit, l\u2019UMI a d\u2019ailleurs cr\u00e9\u00e9 un concours sur la cr\u00e9ation d\u2019entreprises innovantes dans la r\u00e9gion afin d\u2019inciter les porteurs d\u2019id\u00e9es \u00e0 concr\u00e9tiser leur projet d\u2019entreprise.<\/p>\n<p style=\"text-align: justify;\">Enfin, pour cl\u00f4turer cette rencontre, M. Abdelati Lahlou, Directeur Adjoint de la Biblioth\u00e8que Nationale, a mis en avant l\u2019importance du patrimoine immat\u00e9riel de la ville de Mekn\u00e8s, notamment le volet spirituel qui se mat\u00e9rialise par la multiplicit\u00e9 des zaouias\u00a0; le volet culturel \u00e0 travers le brassage culturel et artistique li\u00e9 au positionnement g\u00e9ographique exceptionnel de la ville. En effet, Mekn\u00e8s se situe au carrefour du Tafilalet, de la plaine du Gharb, du Moyen-Atlas et du Rif\u00a0; et enfin la richesse historique de la r\u00e9gion depuis l\u2019\u00e9poque romaine, en r\u00e9f\u00e9rence \u00e0 la ville de Walili (Volubilis).<\/p>\n<p style=\"text-align: justify;\">A l\u2019issue de ces interventions riches en informations concr\u00e8tes et pragmatiques, les participants ont exprim\u00e9, au cours de la s\u00e9ance de questions\/ r\u00e9ponses, leur int\u00e9r\u00eat pour le d\u00e9veloppement du Grand Mekn\u00e8s et pour l\u2019ensemble des projets structurants \u00e9nonc\u00e9s.<\/p>\n<p style=\"text-align: justify;\">A travers cette conf\u00e9rence \u2013d\u00e9bat, la Fondation Attijariwafa bank d\u00e9montre une nouvelle fois, sa volont\u00e9 de promouvoir un d\u00e9bat constructif autour de th\u00e9matiques d\u2019actualit\u00e9 afin de contribuer \u00e0 leur meilleure compr\u00e9hension et d\u2019\u00eatre \u00e0 l\u2019\u00e9coute des probl\u00e9matiques sociales et soci\u00e9tales qui concernent l\u2019avenir de notre pays.<\/p>\n<p style=\"text-align: justify;\">Source :\u00a0tourismeetgastronomie.ma<\/p>\n","protected":false},"excerpt":{"rendered":"<p>La Fondation Attijariwafa bank a organis\u00e9 le 19 mai 2015, la dixi\u00e8me \u00e9dition de son cycle de conf\u00e9rences \u00ab\u00a0Echanger pour mieux comprendre\u00a0\u00bb, dans la ville de Mekn\u00e8s. Cette premi\u00e8re rencontre organis\u00e9e en r\u00e9gion par le p\u00f4le Edition &amp; D\u00e9bats, s\u2019est d\u00e9roul\u00e9e, en pr\u00e9sence de M. Mohamed Kadiri, Wali du Grand Mekn\u00e8s et d\u2019un parterre de<\/p>\n","protected":false},"author":1,"featured_media":2081,"comment_status":"open","ping_status":"open","sticky":false,"template":"","format":"standard","meta":{"footnotes":""},"categories":[6],"tags":[],"_links":{"self":[{"href":"https:\/\/visit-meknes.com\/en\/wp-json\/wp\/v2\/posts\/2080"}],"collection":[{"href":"https:\/\/visit-meknes.com\/en\/wp-json\/wp\/v2\/posts"}],"about":[{"href":"https:\/\/visit-meknes.com\/en\/wp-json\/wp\/v2\/types\/post"}],"author":[{"embeddable":true,"href":"https:\/\/visit-meknes.com\/en\/wp-json\/wp\/v2\/users\/1"}],"replies":[{"embeddable":true,"href":"https:\/\/visit-meknes.com\/en\/wp-json\/wp\/v2\/comments?post=2080"}],"version-history":[{"count":1,"href":"https:\/\/visit-meknes.com\/en\/wp-json\/wp\/v2\/posts\/2080\/revisions"}],"predecessor-version":[{"id":2082,"href":"https:\/\/visit-meknes.com\/en\/wp-json\/wp\/v2\/posts\/2080\/revisions\/2082"}],"wp:featuredmedia":[{"embeddable":true,"href":"https:\/\/visit-meknes.com\/en\/wp-json\/wp\/v2\/media\/2081"}],"wp:attachment":[{"href":"https:\/\/visit-meknes.com\/en\/wp-json\/wp\/v2\/media?parent=2080"}],"wp:term":[{"taxonomy":"category","embeddable":true,"href":"https:\/\/visit-meknes.com\/en\/wp-json\/wp\/v2\/categories?post=2080"},{"taxonomy":"post_tag","embeddable":true,"href":"https:\/\/visit-meknes.com\/en\/wp-json\/wp\/v2\/tags?post=2080"}],"curies":[{"name":"wp","href":"https:\/\/api.w.org\/{rel}","templated":true}]}}